{"id":10533,"date":"2025-02-25T09:55:29","date_gmt":"2025-02-25T08:55:29","guid":{"rendered":"https:\/\/www.tourdesuisse.ch\/?p=10533"},"modified":"2025-02-19T18:08:26","modified_gmt":"2025-02-19T17:08:26","slug":"toutes-les-uci-worldteams-et-deux-equipes-suisses-au-tour-de-suisse-men","status":"publish","type":"post","link":"https:\/\/www.tourdesuisse.ch\/fr\/toutes-les-uci-worldteams-et-deux-equipes-suisses-au-tour-de-suisse-men\/","title":{"rendered":"Toutes les UCI WorldTeams et deux \u00e9quipes suisses au Tour de Suisse Men"},"content":{"rendered":"<h5>22\u00a0\u00e9quipes seront au d\u00e9part du Tour de Suisse le dimanche 15\u00a0juin \u00e0 K\u00fcssnacht: 18\u00a0UCI WorldTeams et quatre \u00e9quipes de la deuxi\u00e8me division UCI ProTeam. Parmi ces ProTeams figurent les deux formations suisses Tudor Pro Cycling et Q36.5 Pro Cycling.<\/h5>\n<p>Le Tour de France 2025 s\u2019\u00e9lancera de Lille deux semaines apr\u00e8s le Tour de Suisse. Mais avant cela, les meilleurs cyclistes de la plan\u00e8te en d\u00e9coudront sur les routes suisses afin de peaufiner les derniers d\u00e9tails lors de la plus importante course de pr\u00e9paration pour la Grande boucle. Outre les 18 UCI WorldTeams, qui doivent participer \u00e0 toutes les courses du WorldTour, quatre UCI ProTeams de qualit\u00e9 figureront \u00e9galement dans le peloton. <em>\u00ab Les formations Israel Premier Tech et Lotto ont re\u00e7u une invitation pr\u00e9vue dans le r\u00e8glement. De notre c\u00f4t\u00e9, nous avons attribu\u00e9 une wildcard aux deux \u00e9quipes suisses Tudor Pro Cycling et Q36.5 Pro Cycling pour le Tour de Suisse Men 2025 \u00bb<\/em>, explique le directeur sportif, David Loosli.<\/p>\n\n\t\t<img loading=\"lazy\" decoding=\"async\" width=\"819\" height=\"1024\" src=\"https:\/\/www.tourdesuisse.ch\/wp-content\/uploads\/TdS-Men-Teams-2025-819x1024.png\" class=\"wpce-image\" alt=\"\" data-css-locator=\"\" srcset=\"https:\/\/www.tourdesuisse.ch\/wp-content\/uploads\/TdS-Men-Teams-2025-819x1024.png 819w, https:\/\/www.tourdesuisse.ch\/wp-content\/uploads\/TdS-Men-Teams-2025-240x300.png 240w, https:\/\/www.tourdesuisse.ch\/wp-content\/uploads\/TdS-Men-Teams-2025-768x960.png 768w, https:\/\/www.tourdesuisse.ch\/wp-content\/uploads\/TdS-Men-Teams-2025-1229x1536.png 1229w, https:\/\/www.tourdesuisse.ch\/wp-content\/uploads\/TdS-Men-Teams-2025-1638x2048.png 1638w, https:\/\/www.tourdesuisse.ch\/wp-content\/uploads\/TdS-Men-Teams-2025.png 2048w\" sizes=\"auto, (max-width: 819px) 100vw, 819px\" \/>\n<p><strong>Tudor et Q36.5 repr\u00e9sentent la Suisse<\/strong><\/p>\n<p><em>\u00ab\u00a0Avoir deux \u00e9quipes \u00e0 licence suisse au d\u00e9part est tr\u00e8s important pour le Tour de Suisse et le cyclisme dans notre pays\u00a0\u00bb<\/em>, souligne Loosli. Les deux \u00e9quipes aspirent \u00e0 se battre en fin d\u2019ann\u00e9e pour acc\u00e9der \u00e0 l\u2019\u00e9lite du cyclisme mondial au sein de l\u2019UCI\u00a0WorldTour. Rien d\u2019\u00e9tonnant donc au fait que le CEO de l\u2019\u00e9quipe Tudor, Raphael Meyer, envisage le mois de juin avec une grande motivation\u00a0: <em>\u00ab\u00a0Le Tour de Suisse n\u2019est pas seulement une course cycliste de tr\u00e8s haut niveau, c\u2019est aussi un \u00e9v\u00e9nement qui transmet la passion du cyclisme \u00e0 travers tout le pays, aux petits comme aux grands. Nous voulons offrir du grand spectacle au public suisse et partir \u00e0 la chasse aux victoires d\u2019\u00e9tapes.\u00a0\u00bb<\/em><\/p>\n<p>Nouvelle recrue de Tudor cette saison, Marc Hirschi partage cet enthousiasme\u00a0: <em>\u00ab\u00a0Le Tour de Suisse signifie \u00e9norm\u00e9ment pour moi\u00a0! Quand j\u2019\u00e9tais enfant, je venais assister \u00e0 la course au bord de la route et je r\u00eavais d\u2019y participer un jour. Cette course est chaque ann\u00e9e un temps fort de mon calendrier et \u00e0 chaque \u00e9dition, mon r\u00eave d\u2019enfant devient r\u00e9alit\u00e9.\u00a0\u00bb<\/em> Cette ann\u00e9e, Hirschi visera une premi\u00e8re victoire d\u2019\u00e9tape sur le Tour de Suisse, peut-\u00eatre aux c\u00f4t\u00e9s de l\u2019autre superstar de l\u2019\u00e9quipe Tudor, Julian Alaphilippe.<\/p>\n<p>L\u2019ambiance est tout aussi enthousiaste du c\u00f4t\u00e9 de la deuxi\u00e8me formation suisse engag\u00e9e. Le Team Manager de Q36.5, Doug Ryder, se r\u00e9jouit de voir son \u00e9quipe de nouveau au d\u00e9part\u00a0: <em>\u00ab\u00a0Le Tour de Suisse est \u00e9videmment une course tr\u00e8s importante pour nous en tant qu\u2019\u00e9quipe suisse. M\u00eame si nous sommes tr\u00e8s ambitieux et affichons de grandes ambitions sur notre course nationale, nous essaierons aussi de profiter au maximum de l\u2019\u00e9v\u00e9nement avec nos fans et partenaires.\u00a0\u00bb<\/em> Il faudra suivre de pr\u00e8s le comportement de l\u2019\u00e9quipe sur les routes helv\u00e9tiques avec sa superstar Tom Pidcock ainsi que les coureurs suisses Matteo Badilatti et Fabio Christen. Tous seront dirig\u00e9s par une vieille connaissance au poste de directeur sportif\u00a0: le Thurgovien Michael Albasini.<\/p>\n<p>La liste des \u00e9quipes qui participeront \u00e0 la course f\u00e9minine sera d\u00e9voil\u00e9e d\u00e8s que toutes les formations seront connues.<\/p>\n","protected":false},"excerpt":{"rendered":"<p>22\u00a0\u00e9quipes seront au d\u00e9part du Tour de Suisse le dimanche 15\u00a0juin \u00e0 K\u00fcssnacht: 18\u00a0UCI WorldTeams et quatre \u00e9quipes de la deuxi\u00e8me division UCI ProTeam. Parmi ces ProTeams figurent les deux formations suisses Tudor Pro Cycling et Q36.5 Pro Cycling. Le Tour de France 2025 s\u2019\u00e9lancera de Lille deux semaines apr\u00e8s le Tour de Suisse. Mais [&hellip;]<\/p>\n","protected":false},"author":2,"featured_media":10524,"comment_status":"closed","ping_status":"closed","sticky":false,"template":"","format":"standard","meta":{"_acf_changed":false,"inline_featured_image":false,"footnotes":""},"categories":[98],"class_list":["post-10533","post","type-post","status-publish","format-standard","has-post-thumbnail","hentry","category-news-fr"],"acf":[],"_links":{"self":[{"href":"https:\/\/www.tourdesuisse.ch\/fr\/wp-json\/wp\/v2\/posts\/10533","targetHints":{"allow":["GET"]}}],"collection":[{"href":"https:\/\/www.tourdesuisse.ch\/fr\/wp-json\/wp\/v2\/posts"}],"about":[{"href":"https:\/\/www.tourdesuisse.ch\/fr\/wp-json\/wp\/v2\/types\/post"}],"author":[{"embeddable":true,"href":"https:\/\/www.tourdesuisse.ch\/fr\/wp-json\/wp\/v2\/users\/2"}],"replies":[{"embeddable":true,"href":"https:\/\/www.tourdesuisse.ch\/fr\/wp-json\/wp\/v2\/comments?post=10533"}],"version-history":[{"count":3,"href":"https:\/\/www.tourdesuisse.ch\/fr\/wp-json\/wp\/v2\/posts\/10533\/revisions"}],"predecessor-version":[{"id":10536,"href":"https:\/\/www.tourdesuisse.ch\/fr\/wp-json\/wp\/v2\/posts\/10533\/revisions\/10536"}],"wp:featuredmedia":[{"embeddable":true,"href":"https:\/\/www.tourdesuisse.ch\/fr\/wp-json\/wp\/v2\/media\/10524"}],"wp:attachment":[{"href":"https:\/\/www.tourdesuisse.ch\/fr\/wp-json\/wp\/v2\/media?parent=10533"}],"wp:term":[{"taxonomy":"category","embeddable":true,"href":"https:\/\/www.tourdesuisse.ch\/fr\/wp-json\/wp\/v2\/categories?post=10533"}],"curies":[{"name":"wp","href":"https:\/\/api.w.org\/{rel}","templated":true}]}}