{"id":3836,"date":"2023-05-31T10:56:52","date_gmt":"2023-05-31T08:56:52","guid":{"rendered":"https:\/\/tourdesuisse.ch.ownb.it\/tour-de-suisse-2023-hochkaraetige-fahrerinnen-und-fahrer\/"},"modified":"2024-04-01T17:05:03","modified_gmt":"2024-04-01T15:05:03","slug":"tour-de-suisse-2023-deux-pelotons-de-classe-mondiale","status":"publish","type":"post","link":"https:\/\/www.tourdesuisse.ch\/fr\/tour-de-suisse-2023-deux-pelotons-de-classe-mondiale\/","title":{"rendered":"Tour de Suisse 2023 \u2013 Deux pelotons de classe mondiale"},"content":{"rendered":"<p><strong>90 ans apr\u00e8s sa cr\u00e9ation,<\/strong><strong>le Tour de Suisse reste toujours aussi populaire. Le superstar Belgique Wout van Aert emm\u00e8nera un peloton masculin de grande qualit\u00e9. Quant \u00e0 la course des femmes, elle comptera pour la premi\u00e8re fois pour l\u2019UCI World Tour f\u00e9minin et verra la participation de la grande dominatrice de la saison Demi Vollering. Les contre-la-montre et le d\u00e9nivel\u00e9 important des deux \u00e9preuves devraient \u00e9galement permettre aux cyclistes suisses de s\u2019illustrer.<\/strong><\/p>\n<p>\u00c0 dix jours du d\u00e9part du Tour de Suisse, un immense nom du peloton figure sur la liste des participants avec Wout van Aert (Jumbo-Visma). Il ne fait aucun doute que Tom Pidcock (Ineos Grenadiers), Biniam Girmay (Intermarch\u00e9 \u2013 Circus \u2013 Wanty) ou encore l\u2019Am\u00e9ricain Neilson Powless (EF Education \u2013 Easypost) auront leur mot \u00e0 dire pour claquer des \u00e9tapes. Parmi les pr\u00e9tendants au classement g\u00e9n\u00e9ral, on peut notamment citer Romain Bardet (Team DSM), Juan Ayuso (UAE Team Emirates) ou Jakob Fuglsang (Israel \u2013 Premier Tech).<\/p>\n<p>Pas moins de deux \u00e9tapes de la boucle masculine seront disput\u00e9es en solitaire : En effet, le Tour de Suisse d\u00e9butera par un contre-la-montre \u00e0 Einsiedeln et se terminera par un nouveau chrono, \u00e0 Saint-Gall. Les deux Stefan thurgoviens \u2013 Bissegger (EF Education \u2013 Easypost) et K\u00fcng (Groupama FDJ) \u2013 sont sp\u00e9cialistes de l\u2019exercice et br\u00fblent \u00e0 l\u2019id\u00e9e de rev\u00eatir le maillot de leader le 11 juin. \u00ab Le parcours d\u2019Einsiedeln est taill\u00e9 pour mes qualit\u00e9s. Mon objectif est de monter sur la plus haute marche du podium et d\u2019endosser le maillot de leader apr\u00e8s la course \u00bb, confie Stefan Bissegger.<\/p>\n<p>Mais de nombreux autres Suisses veulent aussi tirer leur \u00e9pingle du jour. \u00ab Je fais confiance \u00e0 Gino M\u00e4der (Bahrain Victorious) ou encore \u00e0 Marc Hirschi (UAE Team Emirates) pour se m\u00ealer \u00e0 la lutte au classement g\u00e9n\u00e9ral \u00bb, d\u00e9clare le Directeur sportif du Tour de Suisse, David Loosli. Mauro Schmid (Soudal Quick-Step), S\u00e9bastien Reichenbach ou Simon Pellaud (tous les deux Tudor Pro Cycling) tenteront quant \u00e0 eux de chasser l\u2019une ou l\u2019autre \u00e9tape.<\/p>\n<p><strong>Les adieux de Peter Sagan et Michael Sch\u00e4r<\/strong><\/p>\n<p>Pour ses 90 ans d\u2019existence (86e \u00e9dition), le Tour de Suisse prendra \u00e9galement cong\u00e9 de deux figures marquantes de ces derni\u00e8res ann\u00e9es. Peter Sagan (TotalEnergies) d\u00e9tient le record de victoires d\u2019\u00e9tapes (18). Le Slovaque de 33 ans a annonc\u00e9 son retrait du cyclisme sur route pour la fin l\u2019ann\u00e9e. Le Lucernois Michael Sch\u00e4r (37 ans, AG2R Citroen Team) dispute lui aussi sa derni\u00e8re saison. Tr\u00e8s appr\u00e9ci\u00e9 dans le peloton, le g\u00e9ant de 1,98 m se r\u00e9jouit de vivre son dernier Tour de Suisse : \u00ab Enfant, je suivais d\u00e9j\u00e0 le Tour de Suisse depuis le bord de la route. Je suis particuli\u00e8rement heureux de pouvoir courir une \u00e9tape dans ma r\u00e9gion natale autour de Nottwil pour terminer ma carri\u00e8re. \u00bb<\/p>\n<p><strong>Tour de Suisse Women : Toutes contre SD Worx<\/strong><\/p>\n<p>Le Tour de Suisse des femmes fera pour la premi\u00e8re fois partie de la plus haute cat\u00e9gorie de comp\u00e9tition (UCI World Tour f\u00e9minin). La formation n\u00e9erlandaise SD Worx semble imbattable cette saison. Son compteur affiche en effet d\u00e9j\u00e0 32 (!) succ\u00e8s cette ann\u00e9e. Marlen Reusser fait partie du contingent de cette \u00e9quipe ambitieuse et sort elle-m\u00eame d\u2019un tr\u00e8s bon printemps. Elle ne cache d\u2019ailleurs pas ses ambitions pour le Tour de Suisse. \u00ab Le long contre-la-montre \u00e0 Saint-Gall et l\u2019absence de toutes grandes ascensions sur le parcours place Marlen en excellente position pour ce Tour de Suisse Women \u00bb, explique David Loosli. Lors du Tour du Pays basque \u00e0 la mi-mai, la Bernoise a prouv\u00e9 qu\u2019elle \u00e9tait aussi capable de se battre pour le classement g\u00e9n\u00e9ral d\u2019une course \u00e0 \u00e9tapes. Sa co\u00e9quipi\u00e8re et grande dominatrice de la saison Demi Vollering, qui vit dans la r\u00e9gion b\u00e2loise, aura le statut de favorite pour le g\u00e9n\u00e9ral.<\/p>\n<p>Mais les autres \u00e9quipes vont tout mettre en \u0153uvre pour contrecarrer les plans de SD Worx. Parmi les candidates potentielles \u00e0 la victoire finale, on peut citer Katarzyna Niewiadoma (Canyon\/\/SRAM Racing), Liane Lippert (Movistar Team Women), Gaia Realini (Trek \u2013 Segafredo) ou encore Marta Bastianelli (UAE Team ADQ).<\/p>\n<p><strong>Les Suissesses dans un r\u00f4le d\u2019outsider<\/strong><\/p>\n<p>Bien entendu, les autres Suissesses tenteront d\u2019utiliser la belle vitrine que repr\u00e9sente leur boucle nationale pour se glisser dans les \u00e9chapp\u00e9es, voire jouer une victoire d\u2019\u00e9tape. \u00c0 l\u2019image de l\u2019actuelle championne suisse sur route Caroline Baur (Israel Premier Tech Roland) : \u00ab Ce sera clairement quelque chose de sp\u00e9cial de disputer le Tour de Suisse Women avec le maillot de championne suisse, d\u2019autant plus que l\u2019\u00e9preuve se d\u00e9roule dans la r\u00e9gion o\u00f9 je m\u2019entra\u00eene. Je me r\u00e9jouis de disputer mon tour national et je serai probablement au service de nos grimpeuses pour les aider \u00e0 atteindre un bon r\u00e9sultat. \u00bb<\/p>\n<p>Malgr\u00e9 l\u2019absence de l\u2019\u00e9quipe nationale, d\u2019autres Suissesses seront au d\u00e9part, parmi lesquelles Elise Chabbey (Canyon\/\/SRAM Racing), Lea Fuchs (Born to Win \u2013 Zhiraf \u2013 G20) et Petra Stiasny (Fenix-Deceuninck).<\/p>\n<p>La liste d\u00e9finitive des participant(e)s des deux courses sera mise en ligne (en soir\u00e9e) la veille du d\u00e9part de chaque course sur notre site\u00a0<a href=\"https:\/\/www.tourdesuisse.ch\/fr\/\">https:\/\/www.tourdesuisse.ch\/fr\/<\/a>.<\/p>\n<p><strong>Un parcours spectaculaire<\/strong><\/p>\n<p>L\u2019\u00e9tape reine du Tour de Suisse des hommes sera bien s\u00fbr celle du 15 juin en Fiesch et La Punt, avec les cols de la Furka, de l\u2019Oberalp et de l\u2019Albula. Ce jour-l\u00e0, les pros devront avaler pas moins de 4700 m de d\u00e9nivel\u00e9. Sans oublier qu\u2019ils auront d\u00e9j\u00e0 dans les jambes les deux difficiles arriv\u00e9es en c\u00f4te \u00e0 Villars-sur-Ollon et \u00e0 Lo\u00e8che-les-Bains. \u00ab Comme le veut la tradition, le Tour de Suisse comprend un d\u00e9nivel\u00e9 important. Mais cette ann\u00e9e, les rouleurs seront aussi \u00e0 l\u2019honneur avec les deux contre-la-montre du 11 juin \u00e0 Einsiedeln et du 18 juin \u00e0 Saint-Gall \u00bb, estime le Directeur sportif, David Loosli.<\/p>\n<p>Apr\u00e8s une course en circuit en ouverture, le programme de la course f\u00e9minine proposera \u00e9galement un contre-la-montre d\u00e8s la deuxi\u00e8me \u00e9tape. Puis les femmes auront \u00e0 leur tour droit \u00e0 un petit s\u00e9jour dans les montagnes suisses. David Loosli : \u00ab Les meilleures grimpeuses seront les favorites lors de la 3e et de la 4e \u00e9tape. De nombreuses ascensions courtes et pentues attendent les cyclistes sur le parcours qui m\u00e8ne \u00e0 Ebnat-Kappel le troisi\u00e8me jour et sur le circuit dans la m\u00eame r\u00e9gion le quatri\u00e8me jour. Elles seront propices aux attaques. \u00bb<\/p>\n<p>Chaque jour, les deux derni\u00e8res heures de la course masculine et 90 minutes de la course f\u00e9minine seront diffus\u00e9es en direct \u00e0 la t\u00e9l\u00e9vision, tant au niveau national (SRF, RTS, RSI) qu\u2019international (Eurosport et d\u2019autres cha\u00eenes).<\/p>\n<p><strong>FanZone du TdS by Primeo Energie<\/strong><\/p>\n<p>Lanc\u00e9e l\u2019an dernier, la\u00a0<em><a href=\"https:\/\/tds.livxp.com\/\" target=\"_blank\" rel=\"noreferrer noopener\">FanZone du TdS<\/a><\/em>\u00a0s\u2019appr\u00eate \u00e0 vivre sa deuxi\u00e8me \u00e9dition. En collaboration avec le fournisseur LivXp et notre partenaire principal Primeo Energie, la plateforme a fait l\u2019objet de nouveaux d\u00e9veloppements et offre aux fans encore plus de Tour de Suisse en num\u00e9rique.<\/p>\n<p>Outre l\u2019opportunit\u00e9 d\u2019agiter le drapeau \u00e0 damier \u00e0 l\u2019arriv\u00e9e d\u2019une \u00e9tape, beaucoup d\u2019autres activit\u00e9s attrayantes sont propos\u00e9es avant, durant et apr\u00e8s le Tour de Suisse :<\/p>\n<ul>\n<li>Tirages au sort de magnifiques prix et exp\u00e9riences<\/li>\n<li>Ventes aux ench\u00e8res d\u2019objets de collection uniques<\/li>\n<li>Suivi en direct de toutes les \u00e9tapes pendant le Tour de Suisse 2023<\/li>\n<li>\u00ab Video Wall \u00bb avec du contenu exclusif sur le Tour de Suisse<\/li>\n<li>Liste de souhaits avec des exp\u00e9riences sp\u00e9ciales que doit absolument proposer la FanZone<\/li>\n<\/ul>\n\n<div class=\"buttons\">\n\t<div class=\"button-group\">\n\n\t\t\t<a\n\t\t\t\thref=\"https:\/\/tds.livxp.com\/\" target=\"_blank\" rel=\"noopener\" class=\"button style-default with-arrow\"\n\t\t\t>\n\t\t\t\tVers la FanZone du TdS\n\t\t\t<\/a>\n\t<\/div>\n<\/div><p><strong>Une f\u00eate populaire pour tous<\/strong><\/p>\n<p>En plus des temps forts sportifs sur le parcours, le Tour de Suisse propose \u00e9galement de nombreuses autres activit\u00e9s pour les jeunes et moins jeunes. C\u2019est notamment le cas de la toujours aussi populaire caravane publicitaire, qui passe sur le parcours environ une heure avant le peloton, de la Kids Race disput\u00e9e chaque jour sur la ligne d\u2019arriv\u00e9e, ou encore du Village des partenaires sur la zone d\u2019arriv\u00e9e.<\/p>\n\n<div class=\"buttons\">\n\t<div class=\"button-group\">\n\n\t\t\t<a\n\t\t\t\thref=\"https:\/\/www.tourdesuisse.ch\/fr\/tds-2024\/activites\/\" target=\"_blank\" rel=\"noopener\" class=\"button style-default with-arrow\"\n\t\t\t>\n\t\t\t\tVers les activit\u00e9s\n\t\t\t<\/a>\n\t<\/div>\n<\/div>","protected":false},"excerpt":{"rendered":"<p>90 ans apr\u00e8s sa cr\u00e9ation,le Tour de Suisse reste toujours aussi populaire. Le superstar Belgique Wout van Aert emm\u00e8nera un peloton masculin de grande qualit\u00e9. Quant \u00e0 la course des femmes, elle comptera pour la premi\u00e8re fois pour l\u2019UCI World Tour f\u00e9minin et verra la participation de la grande dominatrice de la saison Demi Vollering. [&hellip;]<\/p>\n","protected":false},"author":2,"featured_media":3828,"comment_status":"closed","ping_status":"closed","sticky":false,"template":"","format":"standard","meta":{"_acf_changed":false,"inline_featured_image":false,"footnotes":""},"categories":[98],"class_list":["post-3836","post","type-post","status-publish","format-standard","has-post-thumbnail","hentry","category-news-fr"],"acf":[],"_links":{"self":[{"href":"https:\/\/www.tourdesuisse.ch\/fr\/wp-json\/wp\/v2\/posts\/3836","targetHints":{"allow":["GET"]}}],"collection":[{"href":"https:\/\/www.tourdesuisse.ch\/fr\/wp-json\/wp\/v2\/posts"}],"about":[{"href":"https:\/\/www.tourdesuisse.ch\/fr\/wp-json\/wp\/v2\/types\/post"}],"author":[{"embeddable":true,"href":"https:\/\/www.tourdesuisse.ch\/fr\/wp-json\/wp\/v2\/users\/2"}],"replies":[{"embeddable":true,"href":"https:\/\/www.tourdesuisse.ch\/fr\/wp-json\/wp\/v2\/comments?post=3836"}],"version-history":[{"count":2,"href":"https:\/\/www.tourdesuisse.ch\/fr\/wp-json\/wp\/v2\/posts\/3836\/revisions"}],"predecessor-version":[{"id":3838,"href":"https:\/\/www.tourdesuisse.ch\/fr\/wp-json\/wp\/v2\/posts\/3836\/revisions\/3838"}],"wp:featuredmedia":[{"embeddable":true,"href":"https:\/\/www.tourdesuisse.ch\/fr\/wp-json\/wp\/v2\/media\/3828"}],"wp:attachment":[{"href":"https:\/\/www.tourdesuisse.ch\/fr\/wp-json\/wp\/v2\/media?parent=3836"}],"wp:term":[{"taxonomy":"category","embeddable":true,"href":"https:\/\/www.tourdesuisse.ch\/fr\/wp-json\/wp\/v2\/categories?post=3836"}],"curies":[{"name":"wp","href":"https:\/\/api.w.org\/{rel}","templated":true}]}}