{"id":3850,"date":"2023-05-30T11:14:33","date_gmt":"2023-05-30T09:14:33","guid":{"rendered":"https:\/\/tourdesuisse.ch.ownb.it\/team-dsm-sportlerinnen-und-betreuerinnen-aktiv-miteinbeziehen\/"},"modified":"2024-04-01T17:08:15","modified_gmt":"2024-04-01T15:08:15","slug":"lequipe-dsm-engager-activement-les-athletes-et-le-personnel-de-soutien","status":"publish","type":"post","link":"https:\/\/www.tourdesuisse.ch\/fr\/lequipe-dsm-engager-activement-les-athletes-et-le-personnel-de-soutien\/","title":{"rendered":"L\u2019\u00e9quipe DSM : Engager activement les athl\u00e8tes et le personnel de soutien"},"content":{"rendered":"<p>Dans le cadre de notre s\u00e9rie d\u2019activit\u00e9s d\u2019\u00e9quipe en faveur du climat, nous mettons ici en lumi\u00e8re une initiative de l\u2019\u00e9quipe DSM. L\u2019\u00e9quipe DSM est tr\u00e8s engag\u00e9e sur les questions climatiques et contribue \u00e0 un monde plus vert. Pour ce faire, elle finance un programme de plantation d\u2019arbres par l\u2019interm\u00e9diaire de Trees for All, dont elle est l\u2019ambassadrice depuis plus de 10 ans. Ces arbres sont plant\u00e9s \u00e0 proximit\u00e9 de leur\u00a0<em>Keep Challenging Center<\/em>, o\u00f9 r\u00e9side le programme de d\u00e9veloppement des femmes de Team DSM et o\u00f9 se d\u00e9roule une grande partie des activit\u00e9s de l\u2019entreprise.<\/p>\n<p>Ce qu\u2019ils font diff\u00e9remment des autres, c\u2019est l\u2019engagement actif. En d\u00e9cembre, par exemple, l\u2019\u00e9quipe DSM a envoy\u00e9 son personnel et ses coureurs dans la zone de plantation, o\u00f9 ils ont collectivement plant\u00e9 1 500 arbres.<\/p>\n<p>Bien que d\u2019autres organisations aient des activit\u00e9s similaires, l\u2019engagement des athl\u00e8tes est toujours quelque chose que nous esp\u00e9rons que plus d\u2019\u00e9quipes puissent int\u00e9grer dans leurs strat\u00e9gies. Il s\u2019agit d\u2019un moyen rentable de sensibiliser aux questions climatiques, tout en constituant un moyen unique de nouer des relations au sein de l\u2019\u00e9quipe. Cette id\u00e9e s\u2019applique \u00e9galement \u00e0 d\u2019autres organisations, d\u2019ailleurs, et pas seulement aux \u00e9quipes professionnelles.<\/p>\n","protected":false},"excerpt":{"rendered":"<p>Dans le cadre de notre s\u00e9rie d\u2019activit\u00e9s d\u2019\u00e9quipe en faveur du climat, nous mettons ici en lumi\u00e8re une initiative de l\u2019\u00e9quipe DSM. L\u2019\u00e9quipe DSM est tr\u00e8s engag\u00e9e sur les questions climatiques et contribue \u00e0 un monde plus vert. Pour ce faire, elle finance un programme de plantation d\u2019arbres par l\u2019interm\u00e9diaire de Trees for All, dont [&hellip;]<\/p>\n","protected":false},"author":2,"featured_media":3842,"comment_status":"closed","ping_status":"closed","sticky":false,"template":"","format":"standard","meta":{"_acf_changed":false,"inline_featured_image":false,"footnotes":""},"categories":[99],"class_list":["post-3850","post","type-post","status-publish","format-standard","has-post-thumbnail","hentry","category-nachhaltigkeit-fr"],"acf":[],"_links":{"self":[{"href":"https:\/\/www.tourdesuisse.ch\/fr\/wp-json\/wp\/v2\/posts\/3850","targetHints":{"allow":["GET"]}}],"collection":[{"href":"https:\/\/www.tourdesuisse.ch\/fr\/wp-json\/wp\/v2\/posts"}],"about":[{"href":"https:\/\/www.tourdesuisse.ch\/fr\/wp-json\/wp\/v2\/types\/post"}],"author":[{"embeddable":true,"href":"https:\/\/www.tourdesuisse.ch\/fr\/wp-json\/wp\/v2\/users\/2"}],"replies":[{"embeddable":true,"href":"https:\/\/www.tourdesuisse.ch\/fr\/wp-json\/wp\/v2\/comments?post=3850"}],"version-history":[{"count":2,"href":"https:\/\/www.tourdesuisse.ch\/fr\/wp-json\/wp\/v2\/posts\/3850\/revisions"}],"predecessor-version":[{"id":3852,"href":"https:\/\/www.tourdesuisse.ch\/fr\/wp-json\/wp\/v2\/posts\/3850\/revisions\/3852"}],"wp:featuredmedia":[{"embeddable":true,"href":"https:\/\/www.tourdesuisse.ch\/fr\/wp-json\/wp\/v2\/media\/3842"}],"wp:attachment":[{"href":"https:\/\/www.tourdesuisse.ch\/fr\/wp-json\/wp\/v2\/media?parent=3850"}],"wp:term":[{"taxonomy":"category","embeddable":true,"href":"https:\/\/www.tourdesuisse.ch\/fr\/wp-json\/wp\/v2\/categories?post=3850"}],"curies":[{"name":"wp","href":"https:\/\/api.w.org\/{rel}","templated":true}]}}