{"id":8676,"date":"2024-06-12T17:32:13","date_gmt":"2024-06-12T15:32:13","guid":{"rendered":"https:\/\/www.tourdesuisse.ch\/?p=8676"},"modified":"2024-06-12T18:32:03","modified_gmt":"2024-06-12T16:32:03","slug":"torstein-traeen-remporte-la-4eme-etape-adam-yates-prend-la-tete-du-classement-general","status":"publish","type":"post","link":"https:\/\/www.tourdesuisse.ch\/fr\/torstein-traeen-remporte-la-4eme-etape-adam-yates-prend-la-tete-du-classement-general\/","title":{"rendered":"Torstein Tr\u00e6en triomphe au Gothard"},"content":{"rendered":"<p><span style=\"font-size: medium;\"><span lang=\"fr-CH\"><b>La 4e \u00e9tape disput\u00e9e sur 171\u00a0kilom\u00e8tres a conduit le peloton de R\u00fcschlikon au sommet du Gothard. La victoire est revenue au Norv\u00e9gien Torstein Tr\u00e6en (Bahrain Victorious), qui s\u2019est impos\u00e9 en solitaire et a d\u00e9di\u00e9 son succ\u00e8s \u00e0 son ancien co\u00e9quipier Gino M\u00e4der.<\/b><\/span><\/span><\/p>\n\n<div class=\"partner-grid-wrapper grid-layout\" data-style=\"minimal\">\n\n\t\t<div class=\"partner\">\n\t\t\t\t<div class=\"partner-category\">\n\t\t\t\t\tOfficial Supplier\n\t\t\t\t<\/div>\n\n\n\n\t<a class=\"box is-external partner-box can-hover \" href=\"https:\/\/www.open-up.ch\/\" target=\"_blank\" rel=\"noopener\"\n\t>\n\t\t<div class=\"box-image\"><img loading=\"lazy\" decoding=\"async\" width=\"160\" height=\"30\" src=\"https:\/\/www.tourdesuisse.ch\/wp-content\/uploads\/open_up_Logo_schwarz_freigestellt-160x30.png\" class=\"attachment-partner-grid-logo--minimal size-partner-grid-logo--minimal wp-post-image\" alt=\"\" srcset=\"https:\/\/www.tourdesuisse.ch\/wp-content\/uploads\/open_up_Logo_schwarz_freigestellt-160x30.png 160w, https:\/\/www.tourdesuisse.ch\/wp-content\/uploads\/open_up_Logo_schwarz_freigestellt-300x56.png 300w, https:\/\/www.tourdesuisse.ch\/wp-content\/uploads\/open_up_Logo_schwarz_freigestellt-1024x190.png 1024w, https:\/\/www.tourdesuisse.ch\/wp-content\/uploads\/open_up_Logo_schwarz_freigestellt-768x142.png 768w, https:\/\/www.tourdesuisse.ch\/wp-content\/uploads\/open_up_Logo_schwarz_freigestellt-1536x284.png 1536w, https:\/\/www.tourdesuisse.ch\/wp-content\/uploads\/open_up_Logo_schwarz_freigestellt-2048x379.png 2048w, https:\/\/www.tourdesuisse.ch\/wp-content\/uploads\/open_up_Logo_schwarz_freigestellt-280x52.png 280w, https:\/\/www.tourdesuisse.ch\/wp-content\/uploads\/open_up_Logo_schwarz_freigestellt-140x26.png 140w, https:\/\/www.tourdesuisse.ch\/wp-content\/uploads\/open_up_Logo_schwarz_freigestellt-320x59.png 320w, https:\/\/www.tourdesuisse.ch\/wp-content\/uploads\/open_up_Logo_schwarz_freigestellt.png 2732w\" sizes=\"auto, (max-width: 160px) 100vw, 160px\" \/><\/div>\n\t<\/a>\n\n\t\t<\/div>\n<\/div>\n<p><span style=\"font-size: small;\"><span lang=\"fr-CH\">Le Tour de Suisse a pris pour la premi\u00e8re fois de la hauteur ce mercredi. L\u2019ascension du Gothard \u00e9tait d\u2019ailleurs le premier col de premi\u00e8re cat\u00e9gorie de cette \u00e9dition. En hommage au Suisse Gino M\u00e4der, d\u00e9c\u00e9d\u00e9 l\u2019an dernier sur les routes du Tour de Suisse, un prix de la montagne #rideforgino a \u00e9t\u00e9 d\u00e9cern\u00e9 au sommet.<\/span><\/span><\/p>\n<p><span style=\"font-size: small;\"><span lang=\"fr-CH\">Et l\u2019hommage n\u2019aurait pu \u00eatre plus \u00e9mouvant puisque ce n\u2019est autre que Torstein Tr\u00e6en, qui porte les couleurs de l\u2019\u00e9quipe de Gino M\u00e4der, qui s\u2019est impos\u00e9 mercredi. \u00ab\u00a0Cette victoire \u00e9tait pour Gino\u00a0\u00bb, a d\u00e9clar\u00e9 Tr\u00e6en apr\u00e8s ce premier succ\u00e8s au plus haut niveau. \u00ab\u00a0Pour moi, m\u2019imposer ici au sommet de l\u2019ascension #rideforgino signifie \u00e9norm\u00e9ment de choses. Il nous manque toujours autant et nous roulons pour lui.\u00a0\u00bb Tr\u00e6en a \u00e9galement rev\u00eatu le maillot de leader du classement de la montagne.<\/span><\/span><\/p>\n<p><span style=\"font-size: small;\"><span lang=\"fr-CH\"><b>Une \u00e9chapp\u00e9e d\u00e9cisive<\/b><\/span><\/span><\/p>\n<p><span style=\"font-size: small;\"><span lang=\"fr-CH\">Mais la d\u00e9cision ne s\u2019est pas faite dans la derni\u00e8re mont\u00e9e du jour. L\u2019attaque d\u00e9cisive s\u2019est produite \u00e0 environ 30\u00a0kilom\u00e8tres de l\u2019arriv\u00e9e avec six hommes. Parmi eux figurait le Suisse Silvan Dillier (Alpecin-Deceuninck). L\u2019\u00e9chapp\u00e9e a compt\u00e9 un maximum de six minutes sur le peloton principal. Et dans la mont\u00e9e du Gothard (6,8% de moyenne), Torstein Tr\u00e6en a finalement pris le dessus sur ses compagnons en imprimant un rythme soutenu.<\/span><\/span><\/p>\n<p><span style=\"font-size: small;\"><span lang=\"fr-CH\">Les favoris du classement g\u00e9n\u00e9ral se sont test\u00e9s vers la fin de l\u2019\u00e9tape et ont multipli\u00e9 les attaques en t\u00eate du peloton. Adam Yates (UAE Team Emirates) a m\u00eame r\u00e9ussi \u00e0 mettre la pression sur Tr\u00e6en, mais le Norv\u00e9gien a finalement conserv\u00e9 23\u00a0secondes d\u2019avance sur la ligne d\u2019arriv\u00e9e. L\u2019effort du Britannique n\u2019est toutefois pas rest\u00e9 vain, puisqu\u2019il portera le maillot jaune de leader demain lors de la 5<\/span><\/span><sup><span style=\"font-size: small;\"><span lang=\"fr-CH\">e<\/span><\/span><\/sup><span style=\"font-size: small;\"><span lang=\"fr-CH\"> \u00e9tape.<\/span><\/span><\/p>\n\n<div class=\"youtube-video\">\n\t<iframe loading=\"lazy\" title=\"Race Highlights Stage 4 - Tour de Suisse 2024\" width=\"500\" height=\"281\" src=\"https:\/\/www.youtube.com\/embed\/5taxV3zIlGE?feature=oembed\" frameborder=\"0\" allow=\"accelerometer; autoplay; clipboard-write; encrypted-media; gyroscope; picture-in-picture; web-share\" referrerpolicy=\"strict-origin-when-cross-origin\" allowfullscreen><\/iframe>\n<\/div>","protected":false},"excerpt":{"rendered":"<p>La 4e \u00e9tape disput\u00e9e sur 171\u00a0kilom\u00e8tres a conduit le peloton de R\u00fcschlikon au sommet du Gothard. La victoire est revenue au Norv\u00e9gien Torstein Tr\u00e6en (Bahrain Victorious), qui s\u2019est impos\u00e9 en solitaire et a d\u00e9di\u00e9 son succ\u00e8s \u00e0 son ancien co\u00e9quipier Gino M\u00e4der. Official Supplier Le Tour de Suisse a pris pour la premi\u00e8re fois de [&hellip;]<\/p>\n","protected":false},"author":2,"featured_media":8683,"comment_status":"closed","ping_status":"closed","sticky":false,"template":"","format":"standard","meta":{"_acf_changed":false,"inline_featured_image":false,"footnotes":""},"categories":[98],"class_list":["post-8676","post","type-post","status-publish","format-standard","has-post-thumbnail","hentry","category-news-fr"],"acf":[],"_links":{"self":[{"href":"https:\/\/www.tourdesuisse.ch\/fr\/wp-json\/wp\/v2\/posts\/8676","targetHints":{"allow":["GET"]}}],"collection":[{"href":"https:\/\/www.tourdesuisse.ch\/fr\/wp-json\/wp\/v2\/posts"}],"about":[{"href":"https:\/\/www.tourdesuisse.ch\/fr\/wp-json\/wp\/v2\/types\/post"}],"author":[{"embeddable":true,"href":"https:\/\/www.tourdesuisse.ch\/fr\/wp-json\/wp\/v2\/users\/2"}],"replies":[{"embeddable":true,"href":"https:\/\/www.tourdesuisse.ch\/fr\/wp-json\/wp\/v2\/comments?post=8676"}],"version-history":[{"count":7,"href":"https:\/\/www.tourdesuisse.ch\/fr\/wp-json\/wp\/v2\/posts\/8676\/revisions"}],"predecessor-version":[{"id":8695,"href":"https:\/\/www.tourdesuisse.ch\/fr\/wp-json\/wp\/v2\/posts\/8676\/revisions\/8695"}],"wp:featuredmedia":[{"embeddable":true,"href":"https:\/\/www.tourdesuisse.ch\/fr\/wp-json\/wp\/v2\/media\/8683"}],"wp:attachment":[{"href":"https:\/\/www.tourdesuisse.ch\/fr\/wp-json\/wp\/v2\/media?parent=8676"}],"wp:term":[{"taxonomy":"category","embeddable":true,"href":"https:\/\/www.tourdesuisse.ch\/fr\/wp-json\/wp\/v2\/categories?post=8676"}],"curies":[{"name":"wp","href":"https:\/\/api.w.org\/{rel}","templated":true}]}}